{"id":15794,"date":"2023-08-18T18:15:37","date_gmt":"2023-08-18T18:15:37","guid":{"rendered":"https:\/\/andrelandia.mg.gov.br\/site\/?p=15794"},"modified":"2023-08-18T18:15:37","modified_gmt":"2023-08-18T18:15:37","slug":"15692-autosave-v1","status":"publish","type":"post","link":"https:\/\/antigo.andrelandia.mg.gov.br\/site\/15692-autosave-v1\/","title":{"rendered":"Processo n\u00b0 117\/2023 &#8211; Preg\u00e3o Presencial n\u00b0 030\/2023"},"content":{"rendered":"<p>PREFEITURA MUNICIPAL DE ANDREL\u00c2NDIA<\/p>\n<p>AVISO DE RETIFICA\u00c7\u00c3O<br \/>\nProcesso n\u00b0 117\/2023 &#8211; Preg\u00e3o Presencial n\u00b0 030\/2023<br \/>\nO munic\u00edpio de Andrel\u00e2ndia, atrav\u00e9s da CPL, torna p\u00fablica a RETIFICA\u00c7\u00c3O do edital supracitado no item 12.4.2, cujo objeto \u00e9 Contrata\u00e7\u00e3o de microempresas &#8211; ME, empresas de pequeno porte &#8211; EPP e equiparadas, para presta\u00e7\u00e3o de servi\u00e7os t\u00e9cnicos profissionais especializados na \u00e1rea de Patrim\u00f4nio Cultural, atrav\u00e9s da consolida\u00e7\u00e3o da pol\u00edtica Municipal do Patrim\u00f4nio Cultural de Andrel\u00e2ndia, que dentre os outros fins, visa repasse de ICMS cultural de acordo com a Delibera\u00e7\u00e3o vigente, Lei 18.030\/2009, conforme condi\u00e7\u00f5es e especifica\u00e7\u00f5es contidas no TERMO DE REFER\u00caNCIA \u2013 ANEXO II, parte integrante e insepar\u00e1vel deste edital. Entrega de Envelopes e Sess\u00e3o P\u00fablica ser\u00e1 no dia 07\/08\/2023, Hor\u00e1rio: 09:00 h para credenciamento e abertura dos envelopes. O Edital e seus anexos encontram-se dispon\u00edveis no site www.andrelandia.mg.gov.br. Informa\u00e7\u00f5es: <span \n                data-original-string='xL99g7M2iuJCnn\/q2pEXJw==2aamVhcsmej\/WsToov\/so6q13URprR5YAEo9b6GKWxuS4wrwrgmNv+JRXJEDyLUK68F'\n                class='apbct-email-encoder'\n                title='This contact has been encoded by Anti-Spam by CleanTalk. Click to decode. To finish the decoding make sure that JavaScript is enabled in your browser.'>li<span class=\"apbct-blur\">********<\/span>@<span class=\"apbct-blur\">****************<\/span>ov.br<\/span> &#8211; (35)3325-1432. Pregoeira: Gabriela G Procopio. Andrel\u00e2ndia-MG, 19\/07\/2023.<\/p>\n<p>&nbsp;<\/p>\n<p>&nbsp;<\/p>\n<p>AVISO DE REMARCA\u00c7\u00c3O DE SESS\u00c3O DE JULGAMENTO. PROCESSO. PREG\u00c3O PRESENCIAL 030\/2023. OBJETO Contrata\u00e7\u00e3o de microempresas &#8211; ME, empresas de pequeno porte &#8211; EPP e equiparadas, para presta\u00e7\u00e3o de servi\u00e7os t\u00e9cnicos profissionais especializados na \u00e1rea de Patrim\u00f4nio Cultural, atrav\u00e9s da consolida\u00e7\u00e3o da politica Municipal do Patrim\u00f4nio Cultural de Andrel\u00e2ndia, que dentre os outros fins, visa repasse de ICMS cultural de acordo com a Delibera\u00e7\u00e3o vigente, Lei 18.030\/2009, conforme condi\u00e7\u00f5es e especifica\u00e7\u00f5es contidas no termo de refer\u00eancia \u2013 anexo II. Tendo em vista a \u00a0anula\u00e7\u00e3o da sess\u00e3o de julgamento da licita\u00e7\u00e3o supracitada, fica remarcada a nova sess\u00e3o de julgamento com a participa\u00e7\u00e3o das empresas que protocolaram seus envelopes at\u00e9 a data prevista no edital, para o dia 25\/08\/2023, \u00e0s 09:00 horas. Informa\u00e7\u00f5es pelo e-mail licita\u00e7\u00e3<a href=\"mailto:**@****************ov.br\" data-original-string=\"1OYSnH5ViAmHapkG+KLDog==2aaquhUhNwQATmC7mP5nRoD4PF99\/fxMzAChDF\/RruMy6Y=\" title=\"This contact has been encoded by Anti-Spam by CleanTalk. Click to decode. To finish the decoding make sure that JavaScript is enabled in your browser.\"><span \n                data-original-string='cCYz+g8McoDECMt5NzGD2Q==2aajRzLkRZzUFhE6PuiqqJvoBNadNfdjh5xK5FzAevfxpo='\n                class='apbct-email-encoder'\n                title='This contact has been encoded by Anti-Spam by CleanTalk. Click to decode. To finish the decoding make sure that JavaScript is enabled in your browser.'><span class=\"apbct-blur\">**<\/span>@<span class=\"apbct-blur\">****************<\/span>ov.br<\/span><\/a>\u00a0ou telefone (35) 3325-1432. Andrel\u00e2ndia, 18\/08\/23. Clausin\u00e9ia Jussara da Silva \u2013Pregoeira.<\/p>\n","protected":false},"excerpt":{"rendered":"<p>PREFEITURA MUNICIPAL DE ANDREL\u00c2NDIA AVISO DE RETIFICA\u00c7\u00c3O Processo n\u00b0 117\/2023 &#8211; Preg\u00e3o Presencial n\u00b0 030\/2023 O munic\u00edpio de Andrel\u00e2ndia, atrav\u00e9s da CPL, torna p\u00fablica a RETIFICA\u00c7\u00c3O do edital supracitado no item 12.4.2, cujo objeto \u00e9 Contrata\u00e7\u00e3o de microempresas &#8211; ME, empresas de pequeno porte &#8211; EPP e equiparadas, para presta\u00e7\u00e3o de servi\u00e7os t\u00e9cnicos profissionais especializados [&hellip;]<\/p>\n","protected":false},"author":3,"featured_media":0,"comment_status":"closed","ping_status":"open","sticky":false,"template":"","format":"standard","meta":{"footnotes":""},"categories":[],"tags":[],"class_list":["post-15794","post","type-post","status-publish","format-standard","hentry","entry"],"_links":{"self":[{"href":"https:\/\/antigo.andrelandia.mg.gov.br\/site\/wp-json\/wp\/v2\/posts\/15794","targetHints":{"allow":["GET"]}}],"collection":[{"href":"https:\/\/antigo.andrelandia.mg.gov.br\/site\/wp-json\/wp\/v2\/posts"}],"about":[{"href":"https:\/\/antigo.andrelandia.mg.gov.br\/site\/wp-json\/wp\/v2\/types\/post"}],"author":[{"embeddable":true,"href":"https:\/\/antigo.andrelandia.mg.gov.br\/site\/wp-json\/wp\/v2\/users\/3"}],"replies":[{"embeddable":true,"href":"https:\/\/antigo.andrelandia.mg.gov.br\/site\/wp-json\/wp\/v2\/comments?post=15794"}],"version-history":[{"count":0,"href":"https:\/\/antigo.andrelandia.mg.gov.br\/site\/wp-json\/wp\/v2\/posts\/15794\/revisions"}],"wp:attachment":[{"href":"https:\/\/antigo.andrelandia.mg.gov.br\/site\/wp-json\/wp\/v2\/media?parent=15794"}],"wp:term":[{"taxonomy":"category","embeddable":true,"href":"https:\/\/antigo.andrelandia.mg.gov.br\/site\/wp-json\/wp\/v2\/categories?post=15794"},{"taxonomy":"post_tag","embeddable":true,"href":"https:\/\/antigo.andrelandia.mg.gov.br\/site\/wp-json\/wp\/v2\/tags?post=15794"}],"curies":[{"name":"wp","href":"https:\/\/api.w.org\/{rel}","templated":true}]}}