{"id":16725,"date":"2024-10-15T13:18:08","date_gmt":"2024-10-15T13:18:08","guid":{"rendered":"https:\/\/andrelandia.mg.gov.br\/site\/?p=16725"},"modified":"2024-10-15T13:18:08","modified_gmt":"2024-10-15T13:18:08","slug":"16714-autosave-v1","status":"publish","type":"post","link":"https:\/\/antigo.andrelandia.mg.gov.br\/site\/16714-autosave-v1\/","title":{"rendered":"EDITAL DE CHAMAMENTO P\u00daBLICO N\u00ba 05\/2024 \u2013 DESTAQUES DO TEATRO ANDRELANDENSE"},"content":{"rendered":"<p><a href=\"https:\/\/docs.google.com\/document\/d\/1O6Pm6ix-DRopEUiaNVN2h-OGduWOpfsY\/edit?usp=sharing&amp;ouid=111000055262622040053&amp;rtpof=true&amp;sd=true\" target=\"_blank\" rel=\"noopener\">04\/09\/2024 &#8211; EDITAL<\/a><\/p>\n<p><a href=\"https:\/\/drive.google.com\/file\/d\/138RV7dRUp2dljcq6sSRb7kkkclOE1yf3\/view?usp=sharing\" target=\"_blank\" rel=\"noopener\">04\/09\/2024 &#8211; ANEXO I &#8211; FORMUL\u00c1RIO DE INSCRI\u00c7\u00c3O<\/a><\/p>\n<p><a href=\"https:\/\/docs.google.com\/document\/d\/1-7iMOJivMjbwcKvs2jLHaUYFK0S520Ye\/edit?usp=sharing&amp;ouid=111000055262622040053&amp;rtpof=true&amp;sd=true\" target=\"_blank\" rel=\"noopener\">04\/09\/2024 &#8211; ANEXO I &#8211; FORMUL\u00c1RIO DE INSCRI\u00c7\u00c3O (EM WORD &#8211; EDIT\u00c1VEL)<\/a><\/p>\n<p><a href=\"https:\/\/drive.google.com\/file\/d\/1B6WS48LKMgSiLLRCFu8uUERezqV-yxK0\/view?usp=sharing\">04\/09\/2024 &#8211; ANEXO II &#8211; CRIT\u00c9RIOS DE SELE\u00c7\u00c3O E B\u00d4NUS DE PREMIA\u00c7\u00c3O<\/a><\/p>\n<p><a href=\"https:\/\/drive.google.com\/file\/d\/1lnK8IRL71W5TlO9-jw7huMDvtowmvehx\/view?usp=sharing\">04\/09\/2024 &#8211; ANEXO III &#8211; DECLARA\u00c7\u00c3O DE REPRESENTA\u00c7\u00c3O DO GRUPO OU COLETIVO CULTURAL<\/a><\/p>\n<p><a href=\"https:\/\/drive.google.com\/file\/d\/1XPG1rT1PJgIR0LnEN0DYnwICHcFa6Gaj\/view?usp=sharing\">04\/09\/2024 &#8211; ANEXO IV &#8211; RECIBO DE PREMIA\u00c7\u00c3O CULTURAL<\/a><\/p>\n<p><a href=\"https:\/\/drive.google.com\/file\/d\/1KYv3qbIIx5yPlmKgzNKX0pyEP10UhmrT\/view?usp=sharing\">04\/09\/2024 &#8211; ANEXO V &#8211; AUTODECLARA\u00c7\u00c3O \u00c9TNICO-RACIAL<\/a><\/p>\n<p><a href=\"https:\/\/drive.google.com\/file\/d\/18uQUUj9EmcqduNcm1t8l-22itp4RHAI2\/view?usp=sharing\">04\/09\/2024 &#8211; ANEXO VI &#8211; AUTODECLARA\u00c7\u00c3O PARA PESSOA COM DEFICI\u00caNCIA<\/a><\/p>\n<p><a href=\"https:\/\/drive.google.com\/file\/d\/1h_SE7mlfYoWE11t1eBZsaXIjFhxZn4i2\/view?usp=sharing\" target=\"_blank\" rel=\"noopener\">04\/09\/2024 &#8211; ANEXO VII &#8211; FORMUL\u00c1RIO DE RECURSO<\/a><\/p>\n<p><a href=\"https:\/\/drive.google.com\/file\/d\/1tJdsPgwAbelk9vcpbmuVqwMd9-5yRwBy\/view?usp=sharing\">04\/09\/2024 &#8211; ANEXO VIII &#8211; CRONOGRAMA<\/a><\/p>\n<p><a href=\"https:\/\/drive.google.com\/file\/d\/1XOLhHHTuLyl5q0ro-N2trrmWSnA4oTO7\/view?usp=sharing\">04\/09\/2024 &#8211; ANEXOS<\/a><\/p>\n<p><a href=\"https:\/\/drive.google.com\/file\/d\/1dEc0oRdNkt2VRJP2ak_Ckqyp0FwCsIF8\/view?usp=sharing\" target=\"_blank\" rel=\"noopener\">05\/09\/2024 &#8211; ANEXO VIII &#8211; CRONOGRAMA &#8211; RETIFICADO\u00a0<\/a><\/p>\n<p><a href=\"https:\/\/drive.google.com\/file\/d\/1qEJLM3SWNI7BHqKvSgLX0wRi5oMFkpd6\/view?usp=sharing\" target=\"_blank\" rel=\"noopener\">11\/09\/2024 &#8211; RETIFICA\u00c7\u00c3O N\u00ba 01<\/a><\/p>\n<p><a href=\"https:\/\/drive.google.com\/file\/d\/1RO4cV99qr3-Iy6-0EVURaxyQXFP3n6tV\/view?usp=sharing\" target=\"_blank\" rel=\"noopener\">19\/09\/2024 &#8211; CARTILHA DE ELABORA\u00c7\u00c3O DO PROJETO<\/a><\/p>\n<p><a href=\"https:\/\/drive.google.com\/file\/d\/1tgEStNx8qiGF2cHqasz1SqrQYi3v_icA\/view?usp=sharing\" target=\"_blank\" rel=\"noopener\">08\/10\/2024 &#8211; CLASSIFICA\u00c7\u00c3O PRELIMINAR<\/a><\/p>\n<p>15\/10\/2024 &#8211; CLASSIFICA\u00c7\u00c3O FINAL<\/p>\n","protected":false},"excerpt":{"rendered":"<p>04\/09\/2024 &#8211; EDITAL 04\/09\/2024 &#8211; ANEXO I &#8211; FORMUL\u00c1RIO DE INSCRI\u00c7\u00c3O 04\/09\/2024 &#8211; ANEXO I &#8211; FORMUL\u00c1RIO DE INSCRI\u00c7\u00c3O (EM WORD &#8211; EDIT\u00c1VEL) 04\/09\/2024 &#8211; ANEXO II &#8211; CRIT\u00c9RIOS DE SELE\u00c7\u00c3O E B\u00d4NUS DE PREMIA\u00c7\u00c3O 04\/09\/2024 &#8211; ANEXO III &#8211; DECLARA\u00c7\u00c3O DE REPRESENTA\u00c7\u00c3O DO GRUPO OU COLETIVO CULTURAL 04\/09\/2024 &#8211; ANEXO IV &#8211; RECIBO DE [&hellip;]<\/p>\n","protected":false},"author":4,"featured_media":0,"comment_status":"closed","ping_status":"open","sticky":false,"template":"","format":"standard","meta":{"footnotes":""},"categories":[],"tags":[],"class_list":["post-16725","post","type-post","status-publish","format-standard","hentry","entry"],"_links":{"self":[{"href":"https:\/\/antigo.andrelandia.mg.gov.br\/site\/wp-json\/wp\/v2\/posts\/16725","targetHints":{"allow":["GET"]}}],"collection":[{"href":"https:\/\/antigo.andrelandia.mg.gov.br\/site\/wp-json\/wp\/v2\/posts"}],"about":[{"href":"https:\/\/antigo.andrelandia.mg.gov.br\/site\/wp-json\/wp\/v2\/types\/post"}],"author":[{"embeddable":true,"href":"https:\/\/antigo.andrelandia.mg.gov.br\/site\/wp-json\/wp\/v2\/users\/4"}],"replies":[{"embeddable":true,"href":"https:\/\/antigo.andrelandia.mg.gov.br\/site\/wp-json\/wp\/v2\/comments?post=16725"}],"version-history":[{"count":0,"href":"https:\/\/antigo.andrelandia.mg.gov.br\/site\/wp-json\/wp\/v2\/posts\/16725\/revisions"}],"wp:attachment":[{"href":"https:\/\/antigo.andrelandia.mg.gov.br\/site\/wp-json\/wp\/v2\/media?parent=16725"}],"wp:term":[{"taxonomy":"category","embeddable":true,"href":"https:\/\/antigo.andrelandia.mg.gov.br\/site\/wp-json\/wp\/v2\/categories?post=16725"},{"taxonomy":"post_tag","embeddable":true,"href":"https:\/\/antigo.andrelandia.mg.gov.br\/site\/wp-json\/wp\/v2\/tags?post=16725"}],"curies":[{"name":"wp","href":"https:\/\/api.w.org\/{rel}","templated":true}]}}